{"id":12291,"date":"2019-04-18T11:33:34","date_gmt":"2019-04-18T09:33:34","guid":{"rendered":"http:\/\/www.tjhorniujezd.cz\/?p=12291"},"modified":"2022-02-06T18:59:30","modified_gmt":"2022-02-06T17:59:30","slug":"viceucelove-hriste-3","status":"publish","type":"post","link":"http:\/\/www.tjhorniujezd.cz\/?p=12291","title":{"rendered":"V\u00edce\u00fa\u010delov\u00e9 h\u0159i\u0161t\u011b"},"content":{"rendered":"\nV pr\u016fb\u011bhu m\u011bs\u00edce dubna 2019 se poda\u0159ilo dokon\u010dit v\u00edce\u00fa\u010delov\u00e9 h\u0159i\u0161t\u011b v na\u0161em sportovn\u00edm are\u00e1lu. H\u0159i\u0161t\u011b bude pro ve\u0159ejnost fungovat od \u00fater\u00fd 23. dubna 2019. Ve\u0161ker\u00e9 informace k provozov\u00e1n\u00ed h\u0159i\u0161t\u011b najdete v p\u0159ilo\u017een\u00e9m provozn\u00edm \u0159\u00e1du.<br><br>\n<a href=\"http:\/\/www.tjhorniujezd.cz\/wp-content\/uploads\/2022\/02\/Provozni-rad-UMT.pdf\" target=\"_blank\" rel=\"noopener noreferrer\">Provozn\u00ed \u0159\u00e1d v\u00edce\u00fa\u010delov\u00e9ho h\u0159i\u0161t\u011b T\u011blov\u00fdchovn\u00e9 jednoty Horn\u00ed \u00dajezd<\/a><br><br>\nH\u0159i\u0161t\u011b bylo zrealizov\u00e1no v r\u00e1mci II. etapy akce Modernizace a roz\u0161\u00ed\u0159en\u00ed sportovn\u00edho are\u00e1lu v Horn\u00edm \u00dajezdu. Tato akce byla financov\u00e1na z dotace Ministerstva \u0161kolstv\u00ed, ml\u00e1de\u017ee a t\u011blov\u00fdchovy (podprogram 133D 531 Podpora materi\u00e1ln\u011b technick\u00e9 z\u00e1kladny sportu), p\u0159\u00edsp\u011bvku obecn\u00edho \u00fa\u0159adu Horn\u00ed \u00dajezd a z vlastn\u00edch zdroj\u016f T\u011blov\u00fdchovn\u00e9 jednoty Horn\u00ed \u00dajezd.\n","protected":false},"excerpt":{"rendered":"<p>V pr\u016fb\u011bhu m\u011bs\u00edce dubna 2019 se poda\u0159ilo dokon\u010dit v\u00edce\u00fa\u010delov\u00e9 h\u0159i\u0161t\u011b v na\u0161em sportovn\u00edm are\u00e1lu. H\u0159i\u0161t\u011b bude pro ve\u0159ejnost fungovat od \u00fater\u00fd 23. dubna 2019. Ve\u0161ker\u00e9 informace k provozov\u00e1n\u00ed h\u0159i\u0161t\u011b najdete v p\u0159ilo\u017een\u00e9m provozn\u00edm \u0159\u00e1du. Provozn\u00ed \u0159\u00e1d v\u00edce\u00fa\u010delov\u00e9ho h\u0159i\u0161t\u011b T\u011blov\u00fdchovn\u00e9 jednoty Horn\u00ed \u00dajezd H\u0159i\u0161t\u011b bylo zrealizov\u00e1no v r\u00e1mci II. etapy akce Modernizace a roz\u0161\u00ed\u0159en\u00ed sportovn\u00edho are\u00e1lu [&hellip;]<\/p>\n","protected":false},"author":1,"featured_media":13495,"comment_status":"open","ping_status":"closed","sticky":false,"template":"","format":"standard","meta":{"ngg_post_thumbnail":0},"categories":[24],"tags":[],"_links":{"self":[{"href":"http:\/\/www.tjhorniujezd.cz\/index.php?rest_route=\/wp\/v2\/posts\/12291"}],"collection":[{"href":"http:\/\/www.tjhorniujezd.cz\/index.php?rest_route=\/wp\/v2\/posts"}],"about":[{"href":"http:\/\/www.tjhorniujezd.cz\/index.php?rest_route=\/wp\/v2\/types\/post"}],"author":[{"embeddable":true,"href":"http:\/\/www.tjhorniujezd.cz\/index.php?rest_route=\/wp\/v2\/users\/1"}],"replies":[{"embeddable":true,"href":"http:\/\/www.tjhorniujezd.cz\/index.php?rest_route=%2Fwp%2Fv2%2Fcomments&post=12291"}],"version-history":[{"count":3,"href":"http:\/\/www.tjhorniujezd.cz\/index.php?rest_route=\/wp\/v2\/posts\/12291\/revisions"}],"predecessor-version":[{"id":14710,"href":"http:\/\/www.tjhorniujezd.cz\/index.php?rest_route=\/wp\/v2\/posts\/12291\/revisions\/14710"}],"wp:featuredmedia":[{"embeddable":true,"href":"http:\/\/www.tjhorniujezd.cz\/index.php?rest_route=\/wp\/v2\/media\/13495"}],"wp:attachment":[{"href":"http:\/\/www.tjhorniujezd.cz\/index.php?rest_route=%2Fwp%2Fv2%2Fmedia&parent=12291"}],"wp:term":[{"taxonomy":"category","embeddable":true,"href":"http:\/\/www.tjhorniujezd.cz\/index.php?rest_route=%2Fwp%2Fv2%2Fcategories&post=12291"},{"taxonomy":"post_tag","embeddable":true,"href":"http:\/\/www.tjhorniujezd.cz\/index.php?rest_route=%2Fwp%2Fv2%2Ftags&post=12291"}],"curies":[{"name":"wp","href":"https:\/\/api.w.org\/{rel}","templated":true}]}}