{"id":19968,"date":"2026-03-17T21:27:26","date_gmt":"2026-03-17T20:27:26","guid":{"rendered":"https:\/\/www.tjhorniujezd.cz\/?p=19968"},"modified":"2026-03-17T21:27:26","modified_gmt":"2026-03-17T20:27:26","slug":"soustredeni-boskovice","status":"publish","type":"post","link":"http:\/\/www.tjhorniujezd.cz\/?p=19968","title":{"rendered":"Soust\u0159ed\u011bn\u00ed Boskovice"},"content":{"rendered":"\n<p>V p\u00e1tek 13.3.2026 jsme op\u011bt vyrazili na spole\u010dn\u00e9 soust\u0159ed\u011bn\u00ed t\u00fdm\u016f dorostu a mu\u017e\u016f.<\/p>\n\n\n\n<p>Soust\u0159ed\u011bn\u00ed se op\u011bt cel\u00e9 ud\u00e1lo v Boskovic\u00edch stejn\u011b jako v minul\u00fdch letech. Letos to ani s po\u010dtem hr\u00e1\u010d\u016f nevypadalo zrovna sv\u011btoborn\u011b, mu\u017e\u016f se na leto\u0161ek se\u0161lo 14, v\u010detn\u011b vedouc\u00edho Romana Chadimy a tren\u00e9ra Pavla Havl\u00edka, dorostu 9, v\u010detn\u011b tren\u00e9ra Jirky Ku\u010dery.<\/p>\n\n\n\n<p>Ubytov\u00e1n\u00ed jsme m\u011bli za\u0159\u00edzen\u00e9 v p\u011bkn\u00e9m hotelu Pod Z\u00e1mkem kousek od z\u00e1zem\u00ed s\u00a0tr\u00e9ninkov\u00fdm h\u0159i\u0161t\u011bm s um\u011blou tr\u00e1vou.<\/p>\n\n\n\n<p>Hned po p\u0159\u00edjezdu jsme absolvovali prvn\u00ed tr\u00e9nink na um\u011bl\u00e9 tr\u00e1v\u011b, po tr\u00e9ninku n\u00e1sledoval ob\u011bd a po n\u011bm regenera\u010dn\u00ed chvilka. Po nabr\u00e1n\u00ed sil jsme si vyrazili vych\u00e1zkou na nedalekou vyhl\u00eddku spole\u010dn\u011b s&nbsp;proch\u00e1zkou po okol\u00ed z\u0159\u00edceniny m\u00edstn\u00edho hradu.<\/p>\n\n\n\n<p>Mu\u017ei m\u011bli od 19:00 p\u0159\u00e1telsk\u00e9 utk\u00e1n\u00ed s Boskovicemi \u201eC\u201c, a tak byla uspo\u0159\u00e1d\u00e1na porada a diskuse v zasedac\u00ed m\u00edstnosti. S&nbsp;po\u010dtem hr\u00e1\u010d\u016f n\u00e1m op\u011bt vytrhli trn z&nbsp;paty&nbsp;dorostenci, a i s&nbsp;jejich p\u0159isp\u011bn\u00edm jsme p\u0159\u00e1telsk\u00e9 utk\u00e1n\u00ed zvl\u00e1dli \u00fasp\u011b\u0161n\u011b v\u00fdhrou 5:3. Po p\u0159\u00e1telsk\u00e9m utk\u00e1n\u00ed byl program p\u00e1te\u010dn\u00edho dne ukon\u010den, tak jsme se pustili do objevov\u00e1n\u00ed kr\u00e1sy ve\u010dern\u00edch Boskovic.<\/p>\n\n\n\n<p>V sobotu bylo hlavn\u00edm programem p\u0159\u00e1telsk\u00e9 utk\u00e1n\u00ed dorostu s \u010cernou Horou, kter\u00e9 skon\u010dilo nerozhodn\u011b 2:2. Mu\u017ei absolvovali rann\u00ed b\u011b\u017eeck\u00fd tr\u00e9nink spojen\u00fd se cvi\u010den\u00edm s&nbsp;vlastn\u00edm t\u011blem. Odpoledne po p\u0159\u00e1telsk\u00e9m utk\u00e1n\u00ed dorostenc\u016f jsme nav\u0161t\u00edvili m\u00edstn\u00ed baz\u00e9n. Po ve\u010de\u0159i jsme spole\u010dn\u011b \u0161li p\u0159edv\u00e9st n\u00e1\u0161 um na bowlingov\u00fdch dr\u00e1h\u00e1ch.<\/p>\n\n\n\n<p>V ned\u011bli r\u00e1no zb\u00fdval posledn\u00ed bod soust\u0159ed\u011bn\u00ed, a to byl tr\u00e9nink dorost\u016f a mu\u017e\u016f op\u011bt na um\u011bl\u00e9 tr\u00e1v\u011b, kter\u00fd byl ukon\u010den\u00fd vz\u00e1jemn\u00fdm fotb\u00e1lkem.<\/p>\n\n\n\n<p>I p\u0159es men\u0161\u00ed \u00fa\u010dast hr\u00e1\u010d\u016f bylo i leto\u0161n\u00ed soust\u0159ed\u011bn\u00ed u\u017eit\u00e9 naplno, jak v&nbsp;r\u00e1mci tr\u00e9nink\u016f, z\u00e1pas\u016f, tak i z\u00e1bavy. Tak\u017ee sv\u016fj \u00fa\u010del splnilo na jedni\u010dku.<\/p>\n","protected":false},"excerpt":{"rendered":"<p>V p\u00e1tek 13.3.2026 jsme op\u011bt vyrazili na spole\u010dn\u00e9 soust\u0159ed\u011bn\u00ed t\u00fdm\u016f dorostu a mu\u017e\u016f. Soust\u0159ed\u011bn\u00ed se op\u011bt cel\u00e9 ud\u00e1lo v Boskovic\u00edch stejn\u011b jako v minul\u00fdch letech. Letos to ani s po\u010dtem hr\u00e1\u010d\u016f nevypadalo zrovna sv\u011btoborn\u011b, mu\u017e\u016f se na leto\u0161ek se\u0161lo 14, v\u010detn\u011b vedouc\u00edho Romana Chadimy a tren\u00e9ra Pavla Havl\u00edka, dorostu 9, v\u010detn\u011b tren\u00e9ra Jirky Ku\u010dery. Ubytov\u00e1n\u00ed [&hellip;]<\/p>\n","protected":false},"author":1,"featured_media":19605,"comment_status":"closed","ping_status":"","sticky":false,"template":"","format":"standard","meta":{"ngg_post_thumbnail":0},"categories":[25,3],"tags":[],"_links":{"self":[{"href":"http:\/\/www.tjhorniujezd.cz\/index.php?rest_route=\/wp\/v2\/posts\/19968"}],"collection":[{"href":"http:\/\/www.tjhorniujezd.cz\/index.php?rest_route=\/wp\/v2\/posts"}],"about":[{"href":"http:\/\/www.tjhorniujezd.cz\/index.php?rest_route=\/wp\/v2\/types\/post"}],"author":[{"embeddable":true,"href":"http:\/\/www.tjhorniujezd.cz\/index.php?rest_route=\/wp\/v2\/users\/1"}],"replies":[{"embeddable":true,"href":"http:\/\/www.tjhorniujezd.cz\/index.php?rest_route=%2Fwp%2Fv2%2Fcomments&post=19968"}],"version-history":[{"count":1,"href":"http:\/\/www.tjhorniujezd.cz\/index.php?rest_route=\/wp\/v2\/posts\/19968\/revisions"}],"predecessor-version":[{"id":19969,"href":"http:\/\/www.tjhorniujezd.cz\/index.php?rest_route=\/wp\/v2\/posts\/19968\/revisions\/19969"}],"wp:featuredmedia":[{"embeddable":true,"href":"http:\/\/www.tjhorniujezd.cz\/index.php?rest_route=\/wp\/v2\/media\/19605"}],"wp:attachment":[{"href":"http:\/\/www.tjhorniujezd.cz\/index.php?rest_route=%2Fwp%2Fv2%2Fmedia&parent=19968"}],"wp:term":[{"taxonomy":"category","embeddable":true,"href":"http:\/\/www.tjhorniujezd.cz\/index.php?rest_route=%2Fwp%2Fv2%2Fcategories&post=19968"},{"taxonomy":"post_tag","embeddable":true,"href":"http:\/\/www.tjhorniujezd.cz\/index.php?rest_route=%2Fwp%2Fv2%2Ftags&post=19968"}],"curies":[{"name":"wp","href":"https:\/\/api.w.org\/{rel}","templated":true}]}}