{"id":20143,"date":"2026-04-20T15:01:49","date_gmt":"2026-04-20T13:01:49","guid":{"rendered":"https:\/\/www.tjhorniujezd.cz\/?p=20143"},"modified":"2026-04-20T15:02:14","modified_gmt":"2026-04-20T13:02:14","slug":"turnaj-mladsi-pripravky-b-horni-ujezd-19-4-2026","status":"publish","type":"post","link":"http:\/\/www.tjhorniujezd.cz\/?p=20143","title":{"rendered":"Turnaj mlad\u0161\u00ed p\u0159\u00edpravky B \u2013 Horn\u00ed \u00dajezd, 19.4.2026"},"content":{"rendered":"\n<p>Historicky prvn\u00ed turnaj rezervn\u00edch t\u00fdm\u016f mlad\u0161\u00edch p\u0159\u00edpravek se odehr\u00e1l na na\u0161em h\u0159i\u0161ti. C\u00edlem t\u011bchto jarn\u00edch turnaj\u016f je, aby si zahr\u00e1ly d\u011bti, kter\u00e9 na podzim nem\u011bly tak velk\u00e9 vyt\u00ed\u017een\u00ed a c\u00edl\u00edme na to, aby tak nabraly hern\u00ed praxi. Turnaje nejsou organizov\u00e1ny pod hlavi\u010dkou OFS, hlavn\u00ed inici\u00e1tor je n\u00e1\u0161 b\u00fdval\u00fd hr\u00e1\u010d a sebranick\u00fd tren\u00e9r Pavel Ku\u010dera. Ka\u017ed\u00fd v\u00edkend by se tak m\u011bla utkat mu\u017estva Horn\u00ed \u00dajezd\/Mora\u0161ice, Sebranice, Doln\u00ed \u00dajezd a \u010cist\u00e1. V prvn\u00edm z\u00e1pase jsme po bojovn\u00e9 utk\u00e1n\u00ed t\u011bsn\u011b podlehli Sebranic\u00edm, v druh\u00e9m z\u00e1pase jsme si pom\u011brn\u011b hladce poradili s Doln\u00edm \u00dajezdem a v posledn\u00edm z\u00e1pase jsme remizovali s \u010cistou. Je ale t\u0159eba \u0159\u00edct, \u017ee jsme kluk\u016fm z \u010cist\u00e9 p\u016fj\u010dili \u010dty\u0159i hr\u00e1\u010de, proto\u017ee odv\u00e1\u017en\u011b dorazili jen v p\u011bti lidech a ke konci turnaje jim u\u017e za\u010daly doch\u00e1zet s\u00edly.<\/p>\n\n\n\n<p>Hlavn\u00ed c\u00edl byl spln\u011bn \u2013 d\u011bti to bavilo, zahr\u00e1ly si dobr\u00fd fotbal, vst\u0159elily spoustu g\u00f3l\u016f a v\u011b\u0159\u00edm, \u017ee i div\u00e1ci odch\u00e1zeli spokojeni. Druh\u00fd turnaj odehrajeme v sobotu v Sebranic\u00edch.<\/p>\n","protected":false},"excerpt":{"rendered":"<p>Historicky prvn\u00ed turnaj rezervn\u00edch t\u00fdm\u016f mlad\u0161\u00edch p\u0159\u00edpravek se odehr\u00e1l na na\u0161em h\u0159i\u0161ti. C\u00edlem t\u011bchto jarn\u00edch turnaj\u016f je, aby si zahr\u00e1ly d\u011bti, kter\u00e9 na podzim nem\u011bly tak velk\u00e9 vyt\u00ed\u017een\u00ed a c\u00edl\u00edme na to, aby tak nabraly hern\u00ed praxi. Turnaje nejsou organizov\u00e1ny pod hlavi\u010dkou OFS, hlavn\u00ed inici\u00e1tor je n\u00e1\u0161 b\u00fdval\u00fd hr\u00e1\u010d a sebranick\u00fd tren\u00e9r Pavel Ku\u010dera. Ka\u017ed\u00fd [&hellip;]<\/p>\n","protected":false},"author":1,"featured_media":20144,"comment_status":"closed","ping_status":"","sticky":false,"template":"","format":"standard","meta":{"ngg_post_thumbnail":0},"categories":[6],"tags":[],"_links":{"self":[{"href":"http:\/\/www.tjhorniujezd.cz\/index.php?rest_route=\/wp\/v2\/posts\/20143"}],"collection":[{"href":"http:\/\/www.tjhorniujezd.cz\/index.php?rest_route=\/wp\/v2\/posts"}],"about":[{"href":"http:\/\/www.tjhorniujezd.cz\/index.php?rest_route=\/wp\/v2\/types\/post"}],"author":[{"embeddable":true,"href":"http:\/\/www.tjhorniujezd.cz\/index.php?rest_route=\/wp\/v2\/users\/1"}],"replies":[{"embeddable":true,"href":"http:\/\/www.tjhorniujezd.cz\/index.php?rest_route=%2Fwp%2Fv2%2Fcomments&post=20143"}],"version-history":[{"count":2,"href":"http:\/\/www.tjhorniujezd.cz\/index.php?rest_route=\/wp\/v2\/posts\/20143\/revisions"}],"predecessor-version":[{"id":20146,"href":"http:\/\/www.tjhorniujezd.cz\/index.php?rest_route=\/wp\/v2\/posts\/20143\/revisions\/20146"}],"wp:featuredmedia":[{"embeddable":true,"href":"http:\/\/www.tjhorniujezd.cz\/index.php?rest_route=\/wp\/v2\/media\/20144"}],"wp:attachment":[{"href":"http:\/\/www.tjhorniujezd.cz\/index.php?rest_route=%2Fwp%2Fv2%2Fmedia&parent=20143"}],"wp:term":[{"taxonomy":"category","embeddable":true,"href":"http:\/\/www.tjhorniujezd.cz\/index.php?rest_route=%2Fwp%2Fv2%2Fcategories&post=20143"},{"taxonomy":"post_tag","embeddable":true,"href":"http:\/\/www.tjhorniujezd.cz\/index.php?rest_route=%2Fwp%2Fv2%2Ftags&post=20143"}],"curies":[{"name":"wp","href":"https:\/\/api.w.org\/{rel}","templated":true}]}}